{"id":7133,"date":"2019-07-12T14:20:52","date_gmt":"2019-07-12T17:20:52","guid":{"rendered":"http:\/\/pedrohenriquecaron.com\/blog\/?p=7133"},"modified":"2022-09-23T13:34:32","modified_gmt":"2022-09-23T16:34:32","slug":"fique-alerta-aos-riscos-da-obesidade-morbida","status":"publish","type":"post","link":"https:\/\/pedrohenriquecaron.com\/blog\/fique-alerta-aos-riscos-da-obesidade-morbida\/","title":{"rendered":"Fique alerta aos riscos da obesidade m\u00f3rbida"},"content":{"rendered":"\r\n<p style=\"text-align: justify;\"><span style=\"color: #000000;\">Muitas s\u00e3o as causas que podem levar a pessoa a ficar obesa, entre elas destacam-se maus h\u00e1bitos alimentares e sedentarismo, Quando o est\u00e1gio da doen\u00e7a atinge o \u00e1pice, a chamada obesidade m\u00f3rbida, \u00e9 hora de se preocupar de verdade e buscar ajuda m\u00e9dica o quanto antes, caso n\u00e3o, os riscos podem levar a morte. Entenda os motivos.<\/span><\/p>\r\n<p><span style=\"color: #000000;\">\r\n\r\n<\/span><\/p>\r\n<h4 style=\"text-align: justify;\"><span style=\"color: #000000;\">Reconhe\u00e7a as causas do problema<\/span><\/h4>\r\n<p><span style=\"color: #000000;\">\r\n\r\n<\/span><\/p>\r\n<p style=\"text-align: justify;\"><span style=\"color: #000000;\">Exagero de alimentos cal\u00f3ricos &#8211; consumo de muito sal, a\u00e7\u00facar e gorduras<\/span><\/p>\r\n<p><span style=\"color: #000000;\">\r\n\r\n<\/span><\/p>\r\n<ul style=\"text-align: justify;\">\r\n<li><span style=\"color: #000000;\">Sedentarismo &#8211; n\u00e3o fazer atividades f\u00edsicas facilita o ganho de peso<\/span><\/li>\r\n<li><span style=\"color: #000000;\">Disfun\u00e7\u00f5es hormonais &#8211; nas mulheres, associado a s\u00edndrome do ov\u00e1rio polic\u00edstico<\/span><\/li>\r\n<li><span style=\"color: #000000;\">Compuls\u00e3o alimentar &#8211; causada por fatores emocionais<\/span><\/li>\r\n<li><span style=\"color: #000000;\">Gen\u00e9tica &#8211; caso um dos pais tenha a doen\u00e7a, o filho pode ter predisposi\u00e7\u00e3o<\/span><\/li>\r\n<\/ul>\r\n<p><span style=\"color: #000000;\">\r\n\r\n<\/span><\/p>\r\n<h4 style=\"text-align: justify;\"><span style=\"color: #000000;\">Compreenda a gravidade<\/span><\/h4>\r\n<p><span style=\"color: #000000;\">\r\n\r\n<\/span><\/p>\r\n<p style=\"text-align: justify;\"><span style=\"color: #000000;\">Quando o paciente apresenta \u00cdndice de Massa Corporal Igual ou acima de 40, est\u00e1 na faixa de obesidade m\u00f3rbida, a mais grave. Nessa fase da doen\u00e7a, o corpo est\u00e1 com um n\u00edvel de gordura excessivo em seu organismo, o que acaba diminuindo a expectativa de vida do obeso, colocando sua vida obeso em risco.<\/span><\/p>\r\n<p><span style=\"color: #000000;\">\r\n\r\n<\/span><\/p>\r\n<h4 style=\"text-align: justify;\"><span style=\"color: #000000;\">Busque ajuda para se curar<\/span><\/h4>\r\n<p><span style=\"color: #000000;\">\r\n\r\n<\/span><\/p>\r\n<p style=\"text-align: justify;\"><span style=\"color: #000000;\">Dependendo do caso de cada paciente, recomenda-se tentar um m\u00e9todo de emagrecimento convencional, com reeduca\u00e7\u00e3o alimentar e exerc\u00edcios &#8211; orientados por uma equipe de nutricionista, endocrinologista, psic\u00f3logo e educador f\u00edsico -, que pode durar at\u00e9 dois anos. Isso porque a cirurgia bari\u00e1trica s\u00f3 \u00e9 indicada em casos graves ou em que haja risco de vida do paciente, Se nesse per\u00edodo n\u00e3o houver perda de peso relevante, \u00e9 recomendado buscar aux\u00edlio de um cirurgi\u00e3o bari\u00e1trico e realizar o procedimento de acordo com a necessidade.<\/span><\/p>\r\n<p><span style=\"color: #000000;\">\r\n\r\n<\/span><\/p>\r\n<h4 style=\"text-align: justify;\"><span style=\"color: #000000;\">Reeduque-se enquanto \u00e9 tempo<\/span><\/h4>\r\n<p><span style=\"color: #000000;\">\r\n\r\n<\/span><\/p>\r\n<p style=\"text-align: justify;\"><span style=\"color: #000000;\">Em casos relacionados a alimenta\u00e7\u00e3o, o melhor rem\u00e9dio \u00e9 sempre a preven\u00e7\u00e3o. Busque fazer uma reeduca\u00e7\u00e3o alimentar com aux\u00edlio de um nutricionista, consuma mais frutas, verduras e carnes magras, evitando as guloseimas refinadas e com a\u00e7\u00facar. Fora isso, adquira uma rotina de exerc\u00edcios, no seu ritmo e com acompanhamento de um profissional de educa\u00e7\u00e3o f\u00edsica.<\/span><\/p>\r\n<p><span style=\"color: #000000;\"><\/span><\/p>","protected":false},"excerpt":{"rendered":"<p>Muitas s\u00e3o as causas que podem levar a pessoa a ficar obesa, entre elas destacam-se maus h\u00e1bitos alimentares e sedentarismo, Quando o est\u00e1gio da doen\u00e7a atinge o \u00e1pice, a chamada obesidade m\u00f3rbida, \u00e9 hora de se preocupar de verdade e buscar ajuda m\u00e9dica o quanto antes, caso n\u00e3o, os riscos podem levar a morte. Entenda [&hellip;]<\/p>\n","protected":false},"author":1,"featured_media":7134,"comment_status":"open","ping_status":"open","sticky":false,"template":"","format":"standard","meta":[],"categories":[288],"tags":[],"_links":{"self":[{"href":"https:\/\/pedrohenriquecaron.com\/blog\/wp-json\/wp\/v2\/posts\/7133"}],"collection":[{"href":"https:\/\/pedrohenriquecaron.com\/blog\/wp-json\/wp\/v2\/posts"}],"about":[{"href":"https:\/\/pedrohenriquecaron.com\/blog\/wp-json\/wp\/v2\/types\/post"}],"author":[{"embeddable":true,"href":"https:\/\/pedrohenriquecaron.com\/blog\/wp-json\/wp\/v2\/users\/1"}],"replies":[{"embeddable":true,"href":"https:\/\/pedrohenriquecaron.com\/blog\/wp-json\/wp\/v2\/comments?post=7133"}],"version-history":[{"count":4,"href":"https:\/\/pedrohenriquecaron.com\/blog\/wp-json\/wp\/v2\/posts\/7133\/revisions"}],"predecessor-version":[{"id":7786,"href":"https:\/\/pedrohenriquecaron.com\/blog\/wp-json\/wp\/v2\/posts\/7133\/revisions\/7786"}],"wp:featuredmedia":[{"embeddable":true,"href":"https:\/\/pedrohenriquecaron.com\/blog\/wp-json\/wp\/v2\/media\/7134"}],"wp:attachment":[{"href":"https:\/\/pedrohenriquecaron.com\/blog\/wp-json\/wp\/v2\/media?parent=7133"}],"wp:term":[{"taxonomy":"category","embeddable":true,"href":"https:\/\/pedrohenriquecaron.com\/blog\/wp-json\/wp\/v2\/categories?post=7133"},{"taxonomy":"post_tag","embeddable":true,"href":"https:\/\/pedrohenriquecaron.com\/blog\/wp-json\/wp\/v2\/tags?post=7133"}],"curies":[{"name":"wp","href":"https:\/\/api.w.org\/{rel}","templated":true}]}}