{"id":7949,"date":"2024-07-25T14:53:09","date_gmt":"2024-07-25T17:53:09","guid":{"rendered":"https:\/\/pedrohenriquecaron.com\/blog\/?p=7949"},"modified":"2024-07-25T14:53:09","modified_gmt":"2024-07-25T17:53:09","slug":"conheca-os-riscos-de-nao-tomar-as-vitaminas-apos-a-bariatrica","status":"publish","type":"post","link":"https:\/\/pedrohenriquecaron.com\/blog\/conheca-os-riscos-de-nao-tomar-as-vitaminas-apos-a-bariatrica\/","title":{"rendered":"Conhe\u00e7a os riscos de n\u00e3o tomar as vitaminas ap\u00f3s a bari\u00e1trica"},"content":{"rendered":"<p>Um <a href=\"https:\/\/g1.globo.com\/sao-paulo\/sao-jose-do-rio-preto-aracatuba\/noticia\/2017\/02\/estudo-diz-que-60-das-pessoas-com-bariatrica-abandonam-vitaminas.html\">estudo<\/a> feito por pesquisadores do Hospital de Base (HB), de S\u00e3o Paulo, apontou que 60% dos pacientes que realizam a cirurgia bari\u00e1trica n\u00e3o tomam os suplementos recomendados. Outros 25% at\u00e9 fazem a suplementa\u00e7\u00e3o, mas em dosagens erradas, e somente 15% os ingerem de forma adequada.<\/p>\n<p>Dados como esses s\u00e3o alarmantes, j\u00e1 que, ao negligenciar essa conduta, as pessoas est\u00e3o colocando a pr\u00f3pria sa\u00fade e os resultados do procedimento em risco. Foi pensando nisso que desenvolvi este conte\u00fado. Confira e saiba mais a respeito!<\/p>\n<h1>Por que a suplementa\u00e7\u00e3o \u00e9 t\u00e3o importante para os bari\u00e1tricos?<\/h1>\n<p>A cirurgia bari\u00e1trica tem como objetivo ajudar pessoas com obesidade a perder peso de forma efetiva e duradoura.<\/p>\n<p>No entanto, em fun\u00e7\u00e3o das altera\u00e7\u00f5es no est\u00f4mago e, por vezes, no intestino, junto \u00e0 redu\u00e7\u00e3o do volume de alimentos ingeridos, pode haver uma diminui\u00e7\u00e3o na absor\u00e7\u00e3o de nutrientes essenciais, como vitaminas e minerais.<\/p>\n<p>\u00c9 por isso que a suplementa\u00e7\u00e3o se torna t\u00e3o importante. Ela ajuda a garantir que o organismo receba todos os nutrientes necess\u00e1rios para se manter saud\u00e1vel e funcionando corretamente.<\/p>\n<h2>Quais s\u00e3o os riscos de n\u00e3o suplementar?<\/h2>\n<p>De modo geral, todo o organismo pode ser afetado pela falta de suplementa\u00e7\u00e3o, j\u00e1 que \u00f3rg\u00e3os, tecidos e estruturas necessitam de nutrientes para permanecerem saud\u00e1veis.<\/p>\n<p>A vitamina B12, por exemplo, costuma ficar em falta no corpo de quem passou pela bari\u00e1trica. Ela desempenha um papel fundamental na produ\u00e7\u00e3o de gl\u00f3bulos vermelhos e funcionamento adequado do sistema nervoso. A defici\u00eancia pode causar fadiga, fraqueza, problemas de mem\u00f3ria, entre outros sintomas.<\/p>\n<p>Outra vitamina essencial que pode sofrer um d\u00e9ficit \u00e9 a D, importante na regula\u00e7\u00e3o da absor\u00e7\u00e3o de c\u00e1lcio e f\u00f3sforo pelo organismo, ajudando a manter o c\u00e9rebro funcionando e a fortificar ossos, dentes e m\u00fasculos.<\/p>\n<p>Em n\u00edveis baixos, as consequ\u00eancias podem ser problemas como osteoporose, dores musculares, queda de cabelo, baixa imunidade, altera\u00e7\u00f5es no sono, entre outros.<\/p>\n<p>Al\u00e9m das vitaminas, suplementar minerais tamb\u00e9m \u00e9 essencial. O c\u00e1lcio, por exemplo, \u00e9 fundamental para a sa\u00fade dos ossos e m\u00fasculos. Como a cirurgia pode levar a uma diminui\u00e7\u00e3o em sua absor\u00e7\u00e3o, os riscos de doen\u00e7as \u00f3sseas e fraqueza muscular aumentam.<\/p>\n<p>Tamb\u00e9m \u00e9 comum a defici\u00eancia de ferro. Segundo <a href=\"https:\/\/www.sbcbm.org.br\/nutrologia\/#:~:text=A%20defici%C3%AAncia%20de%20ferro%20%C3%A9,dos%20estoques%20de%20ferro%20corporais.\">dados da Sociedade Brasileira de Cirurgia Bari\u00e1trica e Metab\u00f3lica (SBCM)<\/a>, em pacientes com obesidade m\u00f3rbida, submetidos \u00e0 t\u00e9cnica de bypass g\u00e1strico, isso ocorre entre 49 a 52% deles.<\/p>\n<p>Em consequ\u00eancia, a anemia, principal preju\u00edzo da falta do mineral, se faz presente entre 35 a 74% das pessoas ap\u00f3s tr\u00eas anos de cirurgia.<\/p>\n<p>Al\u00e9m disso, n\u00e3o posso deixar de citar as prote\u00ednas, necess\u00e1rias para a forma\u00e7\u00e3o dos tecidos corporais, incluindo os m\u00fasculos, enzimas e horm\u00f4nios, al\u00e9m de contribuir para o transporte de subst\u00e2ncias no sangue.<\/p>\n<p>Sua defici\u00eancia est\u00e1 relacionada a uma grande perda de massa muscular, anemia e queda de cabelo. Portanto, a suplementa\u00e7\u00e3o \u00e9 indispens\u00e1vel.<\/p>\n<p>Essas s\u00e3o apenas algumas das consequ\u00eancias de n\u00e3o seguir adequadamente as recomenda\u00e7\u00f5es do cirurgi\u00e3o, nutricionista e\/ou nutr\u00f3logo. Portanto, se voc\u00ea tiver feito a bari\u00e1trica e est\u00e1 nessa situa\u00e7\u00e3o, procure a equipe multidisciplinar o quanto antes.<\/p>\n<p>Se gostou deste conte\u00fado e quer saber mais sobre outros assuntos relacionados, me siga no <a href=\"https:\/\/www.instagram.com\/drpedrohenriquecaron\/\">Instagram<\/a>!<\/p>\n","protected":false},"excerpt":{"rendered":"<p>Um estudo feito por pesquisadores do Hospital de Base (HB), de S\u00e3o Paulo, apontou que 60% dos pacientes que realizam a cirurgia bari\u00e1trica n\u00e3o tomam os suplementos recomendados. Outros 25% at\u00e9 fazem a suplementa\u00e7\u00e3o, mas em dosagens erradas, e somente 15% os ingerem de forma adequada. Dados como esses s\u00e3o alarmantes, j\u00e1 que, ao negligenciar [&hellip;]<\/p>\n","protected":false},"author":4,"featured_media":7950,"comment_status":"open","ping_status":"closed","sticky":false,"template":"","format":"standard","meta":[],"categories":[287],"tags":[],"_links":{"self":[{"href":"https:\/\/pedrohenriquecaron.com\/blog\/wp-json\/wp\/v2\/posts\/7949"}],"collection":[{"href":"https:\/\/pedrohenriquecaron.com\/blog\/wp-json\/wp\/v2\/posts"}],"about":[{"href":"https:\/\/pedrohenriquecaron.com\/blog\/wp-json\/wp\/v2\/types\/post"}],"author":[{"embeddable":true,"href":"https:\/\/pedrohenriquecaron.com\/blog\/wp-json\/wp\/v2\/users\/4"}],"replies":[{"embeddable":true,"href":"https:\/\/pedrohenriquecaron.com\/blog\/wp-json\/wp\/v2\/comments?post=7949"}],"version-history":[{"count":1,"href":"https:\/\/pedrohenriquecaron.com\/blog\/wp-json\/wp\/v2\/posts\/7949\/revisions"}],"predecessor-version":[{"id":7951,"href":"https:\/\/pedrohenriquecaron.com\/blog\/wp-json\/wp\/v2\/posts\/7949\/revisions\/7951"}],"wp:featuredmedia":[{"embeddable":true,"href":"https:\/\/pedrohenriquecaron.com\/blog\/wp-json\/wp\/v2\/media\/7950"}],"wp:attachment":[{"href":"https:\/\/pedrohenriquecaron.com\/blog\/wp-json\/wp\/v2\/media?parent=7949"}],"wp:term":[{"taxonomy":"category","embeddable":true,"href":"https:\/\/pedrohenriquecaron.com\/blog\/wp-json\/wp\/v2\/categories?post=7949"},{"taxonomy":"post_tag","embeddable":true,"href":"https:\/\/pedrohenriquecaron.com\/blog\/wp-json\/wp\/v2\/tags?post=7949"}],"curies":[{"name":"wp","href":"https:\/\/api.w.org\/{rel}","templated":true}]}}